{"id":2339,"date":"2025-10-20T01:21:20","date_gmt":"2025-10-20T01:21:20","guid":{"rendered":"https:\/\/tpsonpower.com\/smarter-faster-wireless-new-age-ev-infrastructure\/"},"modified":"2025-10-20T01:21:20","modified_gmt":"2025-10-20T01:21:20","slug":"smarter-faster-wireless-new-age-ev-infrastructure","status":"publish","type":"post","link":"https:\/\/tpsonpower.com\/tr\/smarter-faster-wireless-new-age-ev-infrastructure\/","title":{"rendered":"Daha Ak\u0131ll\u0131, Daha H\u0131zl\u0131, Kablosuz Elektrikli Ara\u00e7 \u015earj\u0131n\u0131n Yeni \u00c7a\u011f\u0131"},"content":{"rendered":"<figure class=\"wp-block-image aligncenter size-large\"><img fetchpriority=\"high\" decoding=\"async\" width=\"1200\" height=\"675\" src=\"https:\/\/tpsonpower.com\/wp-content\/uploads\/2025\/10\/33897c055037492980d969382a986545.webp\" alt=\"Daha Ak\u0131ll\u0131, Daha H\u0131zl\u0131, Kablosuz Elektrikli Ara\u00e7 \u015earj\u0131n\u0131n Yeni \u00c7a\u011f\u0131\" class=\"wp-image-2336\" title=\"\" srcset=\"https:\/\/tpsonpower.com\/wp-content\/uploads\/2025\/10\/33897c055037492980d969382a986545.webp 1200w, https:\/\/tpsonpower.com\/wp-content\/uploads\/2025\/10\/33897c055037492980d969382a986545-300x169.webp 300w, https:\/\/tpsonpower.com\/wp-content\/uploads\/2025\/10\/33897c055037492980d969382a986545-1024x576.webp 1024w, https:\/\/tpsonpower.com\/wp-content\/uploads\/2025\/10\/33897c055037492980d969382a986545-768x432.webp 768w\" sizes=\"(max-width: 1200px) 100vw, 1200px\" \/><figcaption><\/figcaption><\/figure>\n\n\n\n<p>Elektrikli ara\u00e7 sahipli\u011finin gelece\u011fi yeniden tan\u0131mlan\u0131yor. Elektrikli mobilitenin gelece\u011fini \u015fekillendiren yenilikler aras\u0131nda ak\u0131ll\u0131 \u015febeke entegrasyonu, ultra y\u00fcksek h\u0131zlar ve kablosuz g\u00fc\u00e7 yer al\u0131yor. \u015earj teknolojisindeki bu ilerlemeler temel zorluklar\u0131 ortadan kald\u0131r\u0131yor. <a href=\"https:\/\/storystream.ai\/resources\/blog\/power-shift-ev-motivators-concerns\/\" rel=\"nofollow noopener\" target=\"_blank\">Potansiyel al\u0131c\u0131lar\u0131n 53%'den fazlas\u0131 uzun \u015farj s\u00fcreleri nedeniyle teredd\u00fct ediyor<\/a>. Bu yeni teknoloji \u015farj eri\u015fimini iyile\u015ftiriyor ve elektrikli ara\u00e7lara ge\u00e7i\u015fi daha cazip hale getiriyor. TPSON ve di\u011fer <a href=\"https:\/\/tpsonpower.com\/about\/\">Elektrikli ara\u00e7 \u015farj cihaz\u0131 \u00fcreticileri<\/a> bu yeni d\u00f6nem i\u00e7in elektrikli ara\u00e7 altyap\u0131s\u0131n\u0131 geli\u015ftiriyor. Onlar\u0131n geli\u015fmi\u015f <a href=\"https:\/\/tpsonpower.com\/products\/\">EV \u015earj Cihaz\u0131<\/a> \u00e7\u00f6z\u00fcmler \u00e7ok \u00f6nemlidir. Elektrikli ara\u00e7 \u015farj\u0131ndaki bu evrim, s\u00fcrd\u00fcr\u00fclebilir ula\u015f\u0131ma k\u00fcresel ge\u00e7i\u015fi h\u0131zland\u0131r\u0131yor ve elektrik deneyimini her zamankinden daha pratik hale getiriyor. Do\u011fru altyap\u0131, elektrikli ara\u00e7lar\u0131n giderek daha fazla benimsenmesini destekliyor. M\u00fckemmel ev \u015farj\u0131 \u00e7ok \u00f6nemlidir.<\/p>\n\n\n\n<h2 class=\"wp-block-heading\" >Daha H\u0131zl\u0131 \u015earj: Elektrikli Ara\u00e7lar i\u00e7in Bekleme S\u00fcrelerini K\u0131saltma<\/h2>\n\n\n\n<figure class=\"wp-block-image aligncenter size-large\"><img decoding=\"async\" width=\"1200\" height=\"675\" src=\"https:\/\/tpsonpower.com\/wp-content\/uploads\/2025\/10\/73a40f3592a446b183789e844ae87203.webp\" alt=\"Daha H\u0131zl\u0131 \u015earj: Elektrikli Ara\u00e7lar i\u00e7in Bekleme S\u00fcrelerini K\u0131saltma\" class=\"wp-image-2337\" title=\"\" srcset=\"https:\/\/tpsonpower.com\/wp-content\/uploads\/2025\/10\/73a40f3592a446b183789e844ae87203.webp 1200w, https:\/\/tpsonpower.com\/wp-content\/uploads\/2025\/10\/73a40f3592a446b183789e844ae87203-300x169.webp 300w, https:\/\/tpsonpower.com\/wp-content\/uploads\/2025\/10\/73a40f3592a446b183789e844ae87203-1024x576.webp 1024w, https:\/\/tpsonpower.com\/wp-content\/uploads\/2025\/10\/73a40f3592a446b183789e844ae87203-768x432.webp 768w\" sizes=\"(max-width: 1200px) 100vw, 1200px\" \/><figcaption><\/figcaption><\/figure>\n\n\n\n<p>Elektrikli ara\u00e7lar\u0131n benimsenmesinin \u00f6n\u00fcndeki en \u00f6nemli engel uzun zamand\u0131r \u015farj s\u00fcresidir. S\u00fcr\u00fcc\u00fcler kolayl\u0131k ve h\u0131z istiyor. En yeni nesil h\u0131zl\u0131 \u015farj teknolojileri bu endi\u015feyi do\u011frudan gidererek elektrikli ara\u00e7 deneyimini g\u00fcnl\u00fck ya\u015fam ve uzun mesafeli yolculuklar i\u00e7in daha pratik hale getiriyor.<\/p>\n\n\n\n<h3 class=\"wp-block-heading\" >350kW+ DC H\u0131zl\u0131 \u015earj\u0131n G\u00fcc\u00fc<\/h3>\n\n\n\n<h4 class=\"wp-block-heading\" >Ultra H\u0131zl\u0131 H\u0131zlar\u0131n Tan\u0131mlanmas\u0131<\/h4>\n\n\n\n<p>Ultra h\u0131zl\u0131 DC h\u0131zl\u0131 \u015farj, g\u00fc\u00e7 da\u011f\u0131t\u0131m\u0131nda muazzam bir s\u0131\u00e7ramay\u0131 temsil ediyor. Standart ev \u015farj cihazlar\u0131 daha d\u00fc\u015f\u00fck kilowatt (kW) seviyelerinde \u00e7al\u0131\u015f\u0131rken, bu g\u00fc\u00e7l\u00fc \u015farj istasyonlar\u0131 350kW veya daha fazla g\u00fc\u00e7 sa\u011flayabilir. Bu y\u00fcksek \u00e7\u0131k\u0131\u015f kapasitesi, elektrikli ara\u00e7lar\u0131n prize tak\u0131l\u0131 kalma s\u00fcresini \u00f6nemli \u00f6l\u00e7\u00fcde azalt\u0131r.<\/p>\n\n\n\n<h4 class=\"wp-block-heading\" >20 Dakikal\u0131k \u015earj\u0131 Ger\u00e7ekle\u015ftirmek<\/h4>\n\n\n\n<p>350kW+ DC h\u0131zl\u0131 \u015farj\u0131n birincil amac\u0131, bir kahve i\u00e7mek i\u00e7in gereken s\u00fcrede y\u00fczlerce mil menzil eklemektir. Uyumlu elektrikli ara\u00e7lar i\u00e7in bu teknoloji, bir bataryay\u0131 d\u00fc\u015f\u00fck durumdan 80%'ye yakla\u015f\u0131k 20 dakika i\u00e7inde yenileyebilir. Bu h\u0131z, sahip olma deneyimini d\u00f6n\u00fc\u015ft\u00fcr\u00fcyor.<\/p>\n\n\n\n<figure class=\"wp-block-table\">\n<table class=\"has-fixed-layout\">\n\n<thead>\n<tr><th>\u00d6zellik<\/th><th>Seviye 2 \u015earj<\/th><th>DC H\u0131zl\u0131 \u015earj (350kW+)<\/th><\/tr>\n<\/thead>\n<tbody>\n<tr><td>G\u00fc\u00e7 \u00c7\u0131k\u0131\u015f\u0131<\/td><td><a href=\"https:\/\/chargerigs.com\/level-2-vs-dc-fast-charging\/\" rel=\"nofollow noopener\" target=\"_blank\">3,3 - 19,2 kW<\/a><\/td><td>50 - 350+ kW<\/td><\/tr>\n<tr><td>\u015earj H\u0131z\u0131<\/td><td>Saatte 10-60 mil menzil<\/td><td><a href=\"https:\/\/ev-lectron.com\/blogs\/blog\/how-long-does-it-take-to-charge-an-electric-car\" rel=\"nofollow noopener\" target=\"_blank\">20-30 dakikada 100-200+ mil<\/a><\/td><\/tr>\n<tr><td>\u015earj S\u00fcresi (Tam \u015earj)<\/td><td>4 - 10 saat<\/td><td>30 dakika - 1 saat (~80%'ye kadar)<\/td><\/tr>\n<\/tbody>\n\n<\/table>\n<\/figure>\n\n\n\n<h4 class=\"wp-block-heading\" >Uzun Mesafeli Elektrikli Ara\u00e7 Seyahatlerini Uygulanabilir K\u0131lmak<\/h4>\n\n\n\n<p>Ultra h\u0131zl\u0131 DC h\u0131zl\u0131 \u015farj, bir elektrikli ara\u00e7la \u00fclkeler aras\u0131 seyahati ger\u00e7e\u011fe d\u00f6n\u00fc\u015ft\u00fcr\u00fcr. S\u00fcr\u00fcc\u00fcler k\u0131sa ve verimli \u015farj duraklar\u0131na g\u00f6re seyahatlerini planlayabilirler. Bu y\u00fcksek h\u0131zl\u0131 \u015farj istasyonlar\u0131 a\u011f\u0131, uzun rotalarda menzil endi\u015fesini ortadan kald\u0131r\u0131r.<\/p>\n\n\n\n<h4 class=\"wp-block-heading\" >Benzin \u0130stasyonlar\u0131nda Yak\u0131t \u0130kmali ile E\u015fitlik<\/h4>\n\n\n\n<p>Bu geli\u015fmi\u015f \u015farj teknolojisi, elektrikli ara\u00e7 yak\u0131t ikmali deneyimini geleneksel bir benzin istasyonununkine yakla\u015ft\u0131r\u0131yor. H\u0131zl\u0131 bir duru\u015f, birka\u00e7 saat daha s\u00fcr\u00fc\u015f i\u00e7in yeterli menzil sa\u011flar ve elektrikli mobiliteye yeni ba\u015flayan s\u00fcr\u00fcc\u00fcler i\u00e7in tan\u0131d\u0131k ve kullan\u0131\u015fl\u0131 bir rutin olu\u015fturur.<\/p>\n\n\n\n<h3 class=\"wp-block-heading\" >Geli\u015fmi\u015f Batarya Teknolojisinin Rol\u00fc<\/h3>\n\n\n\n<h4 class=\"wp-block-heading\" >Batarya Darbo\u011fazlar\u0131n\u0131n \u00dcstesinden Gelme<\/h4>\n\n\n\n<p>Bir \u015farj cihaz\u0131, yaln\u0131zca bir bataryan\u0131n g\u00fcvenli bir \u015fekilde kabul edebilece\u011fi kadar h\u0131zl\u0131 g\u00fc\u00e7 sa\u011flayabilir. Bu nedenle, DC h\u0131zl\u0131 \u015farj\u0131n t\u00fcm potansiyelini ortaya \u00e7\u0131karmak i\u00e7in batarya teknolojisindeki geli\u015fmeler \u00e7ok \u00f6nemlidir. Darbo\u011faz, \u015farj cihaz\u0131ndan bataryan\u0131n kendisine do\u011fru kaymaktad\u0131r.<\/p>\n\n\n\n<h4 class=\"wp-block-heading\" >Lityum-\u0130yon Kimyas\u0131nda Yenilikler<\/h4>\n\n\n\n<p>Bilim insanlar\u0131 lityum-iyon pillerin temel kimyas\u0131n\u0131 yeniden tasarl\u0131yor. Son zamanlarda yap\u0131lan \u00e7al\u0131\u015fmalar, \u015farj i\u015fleminin <a href=\"https:\/\/oilprice.com\/Energy\/Energy-General\/Why-Lithium-ion-Batteries-Still-Dominate-the-Tech-World.html\" rel=\"nofollow noopener\" target=\"_blank\">birle\u015fik iyon-elektron transferi<\/a>. Bu mekanizman\u0131n anla\u015f\u0131lmas\u0131, a\u015fa\u011f\u0131daki gibi \u015firketlerin <a href=\"https:\/\/www.wiseguyreports.com\/reports\/fast-charge-lithium-ion-battery-market\" rel=\"nofollow noopener\" target=\"_blank\">LG Energy Solution ve Panasonic<\/a> \u015farj\u0131 daha h\u0131zl\u0131 ve verimli bir \u015fekilde kabul eden piller tasarlamak.<\/p>\n\n\n\n<h4 class=\"wp-block-heading\" >Kat\u0131 Hal Bataryalar\u0131 ile Gelecek<\/h4>\n\n\n\n<p>Kat\u0131 hal bataryalar\u0131 daha da h\u0131zl\u0131 \u015farj ve daha fazla g\u00fcvenlik vaat ediyor. Ancak bu teknoloji ticarile\u015fmeden \u00f6nce engellerle kar\u015f\u0131 kar\u015f\u0131yad\u0131r.<\/p>\n\n\n\n<ul class=\"wp-block-list\">\n\n<li><a href=\"https:\/\/iestbattery.com\/news\/solid-state-batteries-25-qa\/\" rel=\"nofollow noopener\" target=\"_blank\">Y\u00fcksek ara\u015ft\u0131rma ve \u00fcretim maliyetleri<\/a>.<\/li>\n<li>Sa\u011flanmas\u0131 <a href=\"https:\/\/volta.foundation\/featured-post\/solid-state-batteries-is-there-a-viable-path-to-commercialization\" rel=\"nofollow noopener\" target=\"_blank\">elektrotlar ve kat\u0131 elektrolit aras\u0131nda kararl\u0131 ba\u011flant\u0131<\/a>.<\/li>\n<li>Mevcut lityum-iyon pillerle kar\u015f\u0131la\u015ft\u0131r\u0131labilir iletkenlik seviyelerine ula\u015f\u0131lmas\u0131.<\/li>\n\n<\/ul>\n\n\n\n<h4 class=\"wp-block-heading\" >Geli\u015fmi\u015f Termal Y\u00f6netim Sistemleri<\/h4>\n\n\n\n<p>Bir bataryaya y\u00fcksek d\u00fczeyde g\u00fc\u00e7 aktarmak \u00f6nemli \u00f6l\u00e7\u00fcde \u0131s\u0131 \u00fcretir. Geli\u015fmi\u015f s\u0131v\u0131 so\u011futma sistemleri \u00e7ok \u00f6nemlidir. Optimum s\u0131cakl\u0131klar\u0131 korumak i\u00e7in so\u011futma s\u0131v\u0131s\u0131n\u0131 ak\u00fc paketi i\u00e7inde dola\u015ft\u0131rarak hem g\u00fcvenlik hem de \u015farj h\u0131z\u0131 sa\u011flarlar.<\/p>\n\n\n\n<h3 class=\"wp-block-heading\" >A\u011f\u0131r Hizmet Tipi Elektrikli Ara\u00e7lar i\u00e7in Megawatt \u015earj Sistemi (MCS)<\/h3>\n\n\n\n<h4 class=\"wp-block-heading\" >Elektrikli Yar\u0131 R\u00f6mork ve Kamyonlara G\u00fc\u00e7 Verme<\/h4>\n\n\n\n<p>Lojistik ve ta\u015f\u0131mac\u0131l\u0131k sekt\u00f6rleri de elektrikli hale geliyor. A\u011f\u0131r hizmet kamyonlar\u0131 muazzam miktarda enerjiye ihtiya\u00e7 duyar. Megawatt \u015earj Sistemi (MCS) bu talebi kar\u015f\u0131lamak i\u00e7in tasarlanm\u0131\u015f yeni bir standartt\u0131r ve <a href=\"https:\/\/en.wikipedia.org\/wiki\/Megawatt_Charging_System\" rel=\"nofollow noopener\" target=\"_blank\">3,75 megavat<\/a> g\u00fc\u00e7. \u00d6nde gelen \u00fcreticiler <a href=\"https:\/\/growthmarketreports.com\/report\/megawatt-charging-system-for-trucks-market\/amp\" rel=\"nofollow noopener\" target=\"_blank\">Tesla, Daimler ve Volvo<\/a> halihaz\u0131rda bununla uyumlu kamyonlar geli\u015ftiriyorlar <a href=\"https:\/\/tpsonpower.com\/products\/\">g\u00fc\u00e7l\u00fc ev \u015farj \u00e7\u00f6z\u00fcm\u00fc<\/a>.<\/p>\n\n\n\n<h4 class=\"wp-block-heading\" >End\u00fcstriyel ve Ticari Uygulamalar<\/h4>\n\n\n\n<p>MCS ticari filolarda devrim yaratacak. Elektrikli yar\u0131 r\u00f6morklar\u0131n, otob\u00fcslerin ve end\u00fcstriyel ara\u00e7lar\u0131n zorunlu s\u00fcr\u00fcc\u00fc molalar\u0131 s\u0131ras\u0131nda \u015farj edilmesini sa\u011flar. Bu, ar\u0131za s\u00fcresini en aza indirir ve elektrikli ta\u015f\u0131mac\u0131l\u0131\u011f\u0131 lojistik \u015firketleri i\u00e7in ekonomik olarak uygulanabilir hale getirir.<\/p>\n\n\n\n<h4 class=\"wp-block-heading\" >Yeni Bir G\u00fc\u00e7 Standard\u0131 Olu\u015fturulmas\u0131<\/h4>\n\n\n\n<p>MCS, y\u00fcksek g\u00fc\u00e7l\u00fc elektrikli ara\u00e7 \u015farj\u0131 i\u00e7in yeni bir k\u00fcresel \u00f6l\u00e7\u00fct olu\u015fturuyor. TPSON gibi \u015firketler <a href=\"https:\/\/tpsonpower.com\/technology\/\">geli\u015fmi\u015f elektrikli ara\u00e7 \u015farj cihaz\u0131 \u00e7\u00f6z\u00fcmleri<\/a> bu kritik altyap\u0131y\u0131 in\u015fa etmek i\u00e7in gerekli. Bu standart birlikte \u00e7al\u0131\u015fabilirli\u011fi sa\u011flar ve ticari ta\u015f\u0131mac\u0131l\u0131\u011f\u0131n b\u00fcy\u00fck \u00f6l\u00e7ekli elektrifikasyonunu destekler.<\/p>\n\n\n\n<h2 class=\"wp-block-heading\" >Daha Ak\u0131ll\u0131 Elektrikli Ara\u00e7 \u015earj\u0131: Yapay Zeka ve \u015eebeke Entegrasyonu<\/h2>\n\n\n\n<p>Modern elektrikli ara\u00e7 \u015farj\u0131, basit bir g\u00fc\u00e7 ba\u011flant\u0131s\u0131n\u0131n \u00e7ok \u00f6tesine ge\u00e7iyor. Ak\u0131ll\u0131, etkile\u015fimli bir sistem haline geliyor. Bu sistem enerji kullan\u0131m\u0131n\u0131 optimize ediyor, elektrik \u015febekesini destekliyor ve s\u00fcr\u00fcc\u00fcler i\u00e7in benzeri g\u00f6r\u00fclmemi\u015f bir kolayl\u0131k sa\u011fl\u0131yor. Bu d\u00f6n\u00fc\u015f\u00fcm, iki y\u00f6nl\u00fc ileti\u015fim ve yapay zekan\u0131n birle\u015fiminden g\u00fc\u00e7 al\u0131yor.<\/p>\n\n\n\n<h3 class=\"wp-block-heading\" >Ak\u0131ll\u0131 Elektrikli Ara\u00e7 \u015earj\u0131n\u0131n \u00d6z\u00fc<\/h3>\n\n\n\n<h4 class=\"wp-block-heading\" >Bir Elektrik Prizinden Daha Fazlas\u0131<\/h4>\n\n\n\n<p>Ak\u0131ll\u0131 \u015farj cihaz\u0131 bir ileti\u015fim merkezidir. G\u00fc\u00e7 sa\u011flamaktan daha fazlas\u0131n\u0131 yapar. Veri g\u00f6nderir ve al\u0131r, tek y\u00f6nl\u00fc bir enerji ak\u0131\u015f\u0131n\u0131 dinamik, duyarl\u0131 bir s\u00fcrece d\u00f6n\u00fc\u015ft\u00fcr\u00fcr. Bu \u00f6zellik, daha verimli bir elektrikli mobilite ekosisteminin temelini olu\u015fturur.<\/p>\n\n\n\n<h4 class=\"wp-block-heading\" >\u0130ki Y\u00f6nl\u00fc \u0130leti\u015fim Nas\u0131l \u00c7al\u0131\u015f\u0131r?<\/h4>\n\n\n\n<p>Ak\u0131ll\u0131 \u015farj \u00e7\u00f6z\u00fcmleri elektrikli ara\u00e7, \u015farj istasyonu ve kamu hizmeti sa\u011flay\u0131c\u0131s\u0131 aras\u0131nda bir diyalog kurar. <a href=\"https:\/\/www.ev.energy\/en-gb\/blog\/smarter-ev-charging-could-slash-utility-bills-by-10-for-every-u-s-household-new-report\" rel=\"nofollow noopener\" target=\"_blank\">Bu y\u00f6netilen \u015farj s\u00fcreci ger\u00e7ek zamanl\u0131 ayarlamalara olanak tan\u0131r.<\/a> <a href=\"https:\/\/www.ampcontrol.io\/ev-terminology\/demand-side-management\" rel=\"nofollow noopener\" target=\"_blank\">\u015earj seanslar\u0131 \u015febeke ko\u015fullar\u0131na, s\u00fcr\u00fcc\u00fc ihtiya\u00e7lar\u0131na ve enerji maliyetlerine g\u00f6re kayd\u0131r\u0131labilir veya \u00fccretler ayarlanabilir.<\/a><\/p>\n\n\n\n<h4 class=\"wp-block-heading\" >Maliyet ve \u015eebeke Talebi i\u00e7in Optimizasyon<\/h4>\n\n\n\n<p>Bu ak\u0131ll\u0131 ileti\u015fim, \u00f6nemli maliyet tasarruflar\u0131n\u0131n kilidini a\u00e7ar. <a href=\"https:\/\/wepoweryourcar.com\/blog\/ways-to-save-ev-charging\/\" rel=\"nofollow noopener\" target=\"_blank\">S\u00fcr\u00fcc\u00fcler, ev \u015farj seanslar\u0131n\u0131 elektrik \u00fccretlerinin \u00e7ok daha d\u00fc\u015f\u00fck oldu\u011fu yo\u011fun olmayan saatler i\u00e7in planlayabilirler.<\/a> <a href=\"https:\/\/www.electriccarscheme.com\/blog\/ev-charging-cost-saving-tips\" rel=\"nofollow noopener\" target=\"_blank\">Bu zamanlara ge\u00e7i\u015f, \u015farj maliyetlerini 60-70% oran\u0131nda azaltabilir.<\/a> Bu ayn\u0131 zamanda kamu hizmeti \u015firketlerinin talebi y\u00f6netmesine de yard\u0131mc\u0131 olur.<\/p>\n\n\n\n<figure class=\"wp-block-table\">\n<table class=\"has-fixed-layout\">\n\n<thead>\n<tr><th>Tarife \u00d6rne\u011fi<\/th><th>Pik Fiyat (p\/kWh)<\/th><th>Pik D\u0131\u015f\u0131 Fiyat (p\/kWh)<\/th><th>Pik \u00dccret Maliyeti (\u00a3)<\/th><th>Pik D\u0131\u015f\u0131 \u00dccret Maliyeti (\u00a3)<\/th><th>Maliyet Tasarruflar\u0131 (\u00a3)<\/th><\/tr>\n<\/thead>\n<tbody>\n<tr><td>\u00d6rnek Tarife A<\/td><td>27.47<\/td><td>7.9<\/td><td>16.48<\/td><td>4.74<\/td><td>11.74<\/td><\/tr>\n<tr><td>\u00d6rnek Tarife B<\/td><td>27.21<\/td><td>9.0<\/td><td>16.32<\/td><td>5.40<\/td><td>10.92<\/td><\/tr>\n<tr><td>\u00d6rnek Tarife C<\/td><td>24.85<\/td><td>6.7<\/td><td>14.91<\/td><td>4.02<\/td><td>10.89<\/td><\/tr>\n<\/tbody>\n\n<\/table>\n<\/figure>\n\n\n\n<h4 class=\"wp-block-heading\" >G\u00fc\u00e7 \u015eebekesinin Ger\u00e7ek Zamanl\u0131 Dengelenmesi<\/h4>\n\n\n\n<p>Ak\u0131ll\u0131 ev \u015farj\u0131 \u015febeke y\u00fck\u00fcn\u00fc aktif olarak \u00f6nler. <a href=\"https:\/\/cyberswitching.com\/reducing-peak-demand-charges-smarter-approach-ev-charging\/\" rel=\"nofollow noopener\" target=\"_blank\">Dinamik y\u00fck dengeleme teknolojisi, mevcut g\u00fcc\u00fc birden fazla \u015farj cihaz\u0131 aras\u0131nda verimli bir \u015fekilde da\u011f\u0131t\u0131r<\/a>. Bu, \u00f6zellikle daha fazla elektrikli ara\u00e7 \u015febekeye ba\u011fland\u0131k\u00e7a ani talep art\u0131\u015flar\u0131n\u0131 \u00f6nler.<\/p>\n\n\n\n<h3 class=\"wp-block-heading\" >Ara\u00e7tan \u015eebekeye (V2G): G\u00fc\u00e7 Bankas\u0131 Olarak Elektrikli Ara\u00e7<\/h3>\n\n\n\n<h4 class=\"wp-block-heading\" >Arac\u0131n\u0131z\u0131 Mobil Bir Ak\u00fcye D\u00f6n\u00fc\u015ft\u00fcrmek<\/h4>\n\n\n\n<p><a href=\"https:\/\/driivz.com\/blog\/ev-smart-charging-benefits\/\" rel=\"nofollow noopener\" target=\"_blank\">Ara\u00e7tan \u015eebekeye (V2G) teknolojisi, park halindeki bir elektrikli arac\u0131 \u2018tekerlekli bir bataryaya\u2019 d\u00f6n\u00fc\u015ft\u00fcr\u00fcr. \u0130ki y\u00f6nl\u00fc bir enerji al\u0131\u015fveri\u015fi sa\u011flar. Ara\u00e7 sadece \u015febekeden g\u00fc\u00e7 \u00e7ekmekle kalmaz, ayn\u0131 zamanda y\u00fcksek talep zamanlar\u0131nda geri de verebilir.<\/a><\/p>\n\n\n\n<h4 class=\"wp-block-heading\" >V2G Teknolojisi \u015eebekeyi Nas\u0131l Stabilize Ediyor?<\/h4>\n\n\n\n<p>V2G, enerji \u015febekelerine \u00e7ok \u00f6nemli bir esneklik sa\u011flar. <a href=\"https:\/\/www.wri.org\/update\/electric-school-bus-v2g-lessons-examples\" rel=\"nofollow noopener\" target=\"_blank\">Pilot programlar, elektrikli okul otob\u00fcs\u00fc filolar\u0131n\u0131n acil durumlarda \u015febekeyi desteklemek i\u00e7in g\u00fc\u00e7 ihra\u00e7 edebilece\u011fini g\u00f6stermektedir.<\/a> Bu \u00f6zellik, kamu hizmetlerinin pik y\u00fckleri y\u00f6netmesine yard\u0131mc\u0131 olur ve pahal\u0131 altyap\u0131 y\u00fckseltmelerine olan ihtiyac\u0131 azalt\u0131r.<\/p>\n\n\n\n<h4 class=\"wp-block-heading\" >Elektrikli Ara\u00e7 Sahipleri i\u00e7in Potansiyel Gelir<\/h4>\n\n\n\n<p>V2G programlar\u0131na kat\u0131lmak yeni bir gelir ak\u0131\u015f\u0131 yaratabilir. <a href=\"https:\/\/www.electriccarscheme.com\/blog\/what-is-vehicle-to-grid-v2g\" rel=\"nofollow noopener\" target=\"_blank\">Elektrikli ara\u00e7 sahipleri y\u0131lda 1.500 sterlinden fazla kazanabilir<\/a> ara\u00e7lar\u0131n\u0131n ak\u00fcs\u00fcn\u00fcn \u015febekeyi desteklemesine izin vererek. Bu mali te\u015fvik kat\u0131l\u0131m\u0131 te\u015fvik etmekte ve bu faydal\u0131 teknolojinin benimsenmesini h\u0131zland\u0131rmaktad\u0131r.<\/p>\n\n\n\n<h4 class=\"wp-block-heading\" >Yenilenebilir Enerji Ekosisteminin Desteklenmesi<\/h4>\n\n\n\n<p>V2G yenilenebilir enerji i\u00e7in m\u00fckemmel bir ortakt\u0131r. Elektrikli ara\u00e7lar g\u00fcn boyunca fazla g\u00fcne\u015f veya r\u00fczgar enerjisini kullanarak \u015farj olabilir. Daha sonra bu depolanan enerjiyi ak\u015fam yo\u011fun saatlerde \u015febekeye geri bo\u015faltabilir ve yenilenebilir enerji \u00fcretiminin d\u00fc\u015f\u00fck oldu\u011fu zamanlarda bo\u015fluklar\u0131 doldurabilirler.<\/p>\n\n\n\n<h3 class=\"wp-block-heading\" >\u015earj Optimizasyonunda Yapay Zekan\u0131n Rol\u00fc<\/h3>\n\n\n\n<h4 class=\"wp-block-heading\" >\u015earj \u0130htiya\u00e7lar\u0131 i\u00e7in Tahmine Dayal\u0131 Analitik<\/h4>\n\n\n\n<p><a href=\"https:\/\/arxiv.org\/html\/2502.16365v1\" rel=\"nofollow noopener\" target=\"_blank\">Yapay zeka, ev \u015farj talebini tahmin etmek i\u00e7in sofistike algoritmalar kullan\u0131r. Yapay zeka, ge\u00e7mi\u015f verileri, hava durumu modellerini ve tatilleri analiz ederek s\u00fcr\u00fcc\u00fclerin ne zaman ve nerede \u015farj etmeleri gerekece\u011fini tahmin edebilir ve operat\u00f6rlerin haz\u0131rlanmas\u0131na yard\u0131mc\u0131 olabilir.<\/a><\/p>\n\n\n\n<h4 class=\"wp-block-heading\" >A\u011flar Aras\u0131nda Ak\u0131ll\u0131 Y\u00fck Dengeleme<\/h4>\n\n\n\n<p>Yapay zeka, karma\u015f\u0131k y\u00fck dengeleme g\u00f6revini otomatikle\u015ftirir. G\u00fcc\u00fc, t\u00fcm \u015farj istasyonu a\u011flar\u0131na ak\u0131ll\u0131 bir \u015fekilde da\u011f\u0131t\u0131r. TPSON gibi \u015firketler <a href=\"https:\/\/tpsonpower.com\/tpson-ev-charge-europe-mainstream-electric-vehicle-charging-choice\/\">geli\u015fmi\u015f elektrikli ara\u00e7 \u015farj cihaz\u0131 \u00e7\u00f6z\u00fcmleri<\/a> a\u011f istikrar\u0131 ve verimlili\u011fi sa\u011flamak i\u00e7in bu zekadan yararlan\u0131r.<\/p>\n\n\n\n<h4 class=\"wp-block-heading\" >Yapay Zeka Destekli \u0130stasyon Navigasyonu<\/h4>\n\n\n\n<p>Yapay zeka destekli uygulamalar \u015farj cihaz\u0131 bulmay\u0131 kolayla\u015ft\u0131r\u0131yor. <a href=\"https:\/\/evmagazine.com\/top10\/top-10-ev-charging-apps\" rel=\"nofollow noopener\" target=\"_blank\">A Better Routeplanner (ABRP) gibi uygulamalar, en verimli \u015farj duraklar\u0131n\u0131 \u00f6nermek i\u00e7in pil seviyelerini, trafi\u011fi ve y\u00fcksekli\u011fi analiz eder.<\/a> <a href=\"https:\/\/evchargingsummit.com\/blog\/7-ways-ai-applications-can-transform-your-ev-charging-company\/\" rel=\"nofollow noopener\" target=\"_blank\">\u0130stasyon kullan\u0131labilirli\u011fi ve bekleme s\u00fcreleri hakk\u0131nda ger\u00e7ek zamanl\u0131 veri sa\u011flarlar.<\/a><\/p>\n\n\n\n<h4 class=\"wp-block-heading\" >Ki\u015fiselle\u015ftirilmi\u015f \u015earj Programlar\u0131n\u0131n Otomatikle\u015ftirilmesi<\/h4>\n\n\n\n<p>Yapay zeka, bireyin s\u00fcr\u00fc\u015f al\u0131\u015fkanl\u0131klar\u0131n\u0131 ve tercihlerini \u00f6\u011frenir. Daha sonra otomatik olarak ki\u015fiselle\u015ftirilmi\u015f bir \u015farj program\u0131 olu\u015fturabilir. Bu program, en d\u00fc\u015f\u00fck maliyet i\u00e7in optimize eder ve arac\u0131n ihtiya\u00e7 duyuldu\u011funda her zaman haz\u0131r olmas\u0131n\u0131 sa\u011flayarak sorunsuz bir kullan\u0131c\u0131 deneyimi sunar.<\/p>\n\n\n\n<h2 class=\"wp-block-heading\" >Kablosuz \u015earj: Kablosuz Gelecek<\/h2>\n\n\n\n<p>Elektrikli mobilitede bir sonraki s\u0131n\u0131r, son fiziksel ba\u011f\u0131 ortadan kald\u0131r\u0131yor: \u015farj kablosu. Bu kablosuz \u015farj teknolojisi, bir EV'ye yak\u0131t doldurman\u0131n onu park etmek kadar basit oldu\u011fu, nihai rahatl\u0131\u011f\u0131n oldu\u011fu bir gelecek vaat ediyor. Sistem iki temel y\u00f6ntemle \u00e7al\u0131\u015f\u0131yor: park halindeki ara\u00e7lar i\u00e7in sabit \u015farj pedleri ve hareket halindeyken \u015farj etmek i\u00e7in dinamik yol i\u00e7i sistemler.<\/p>\n\n\n\n<h3 class=\"wp-block-heading\" >Sabit End\u00fcktif \u015earj A\u00e7\u0131klamas\u0131<\/h3>\n\n\n\n<h4 class=\"wp-block-heading\" >Manyetik Rezonans Bilimi<\/h4>\n\n\n\n<p>End\u00fcktif \u015farj manyetik rezonans prensibini kullan\u0131r. Bir g\u00fc\u00e7 kayna\u011f\u0131na ba\u011fl\u0131 olan yerdeki bir \u015farj pedi, bir verici bobin i\u00e7erir. Bu bobin sal\u0131n\u0131ml\u0131 bir manyetik alan olu\u015fturur. Ara\u00e7taki ikinci bir al\u0131c\u0131 bobin bu enerjiyi yakalar ve ak\u00fcy\u00fc \u015farj etmek i\u00e7in tekrar elektri\u011fe d\u00f6n\u00fc\u015ft\u00fcr\u00fcr.<\/p>\n\n\n\n<h4 class=\"wp-block-heading\" >Konut ve Ticari Kablosuz Pedler<\/h4>\n\n\n\n<p>Bu teknoloji hem evler hem de i\u015fyerleri i\u00e7in halihaz\u0131rda mevcuttur. \u0130nce, dayan\u0131kl\u0131 bir ped, bir garaj\u0131n zeminine veya bir park alan\u0131na monte edilir. S\u00fcr\u00fcc\u00fcler, \u015farj i\u015flemini otomatik olarak ba\u015flatmak i\u00e7in uyumlu elektrikli ara\u00e7lar\u0131n\u0131 pedin \u00fczerine park etmeleri yeterlidir.<\/p>\n\n\n\n<h4 class=\"wp-block-heading\" >\u201cPark Et ve Unut\u201d Deneyimi<\/h4>\n\n\n\n<p>Kablosuz \u015farj sorunsuz bir \u201cpark et ve unut\u201d deneyimi sunar. \u00c7\u00f6z\u00fclecek, y\u00f6netilecek veya saklanacak kablo yoktur. Bu otomasyon, g\u00fcnl\u00fck ev \u015farj\u0131 rutinini basitle\u015ftirerek t\u00fcm kullan\u0131c\u0131lar i\u00e7in zahmetsiz ve son derece kullan\u0131\u015fl\u0131 hale getirir.<\/p>\n\n\n\n<h4 class=\"wp-block-heading\" >Verimlilik, G\u00fcvenlik ve Standartlar<\/h4>\n\n\n\n<p><a href=\"https:\/\/tpsonpower.com\/best-ev-chargers-features-for-home-efficiency-safety\/\">Modern kablosuz sistemler<\/a> olduk\u00e7a etkilidir. Bu pedlerin \u015farj verimlili\u011fi kablolu muadillerine rakiptir.<\/p>\n\n\n\n<ul class=\"wp-block-list\">\n\n<li>Mevcut konut pedleri 90-94% aras\u0131nda bir g\u00fc\u00e7 aktar\u0131m verimlili\u011fi oran\u0131na ula\u015fmaktad\u0131r.<\/li>\n<li>Bu performans <a href=\"https:\/\/witricity.com\/media\/blog\/what-is-efficiency-how-do-you-measure-it-and-why-should-you-care\" rel=\"nofollow noopener\" target=\"_blank\">standart Seviye 2 plug-in \u015farj cihazlar\u0131 ile kar\u015f\u0131la\u015ft\u0131r\u0131labilir<\/a>.<\/li>\n\n<\/ul>\n\n\n\n<p>G\u00fcvenlik ve birlikte \u00e7al\u0131\u015fabilirlik, a\u015fa\u011f\u0131daki gibi k\u00fcresel standartlar taraf\u0131ndan y\u00f6netilir <a href=\"https:\/\/www.techbriefs.com\/component\/content\/article\/38464-new-sae-wireless-charging-standard-is-ev-game-changer\" rel=\"nofollow noopener\" target=\"_blank\">SAE J2954<\/a>. Bu standart, a\u015fa\u011f\u0131dakiler i\u00e7in a\u00e7\u0131k kurallar belirler <a href=\"https:\/\/wawt.tech\/2025\/01\/06\/sae-j2954-the-new-standard-for-wireless-ev-charging\/\" rel=\"nofollow noopener\" target=\"_blank\">11 kW'a kadar g\u00fc\u00e7 aktar\u0131m\u0131<\/a>, Farkl\u0131 \u00fcreticilerin ara\u00e7lar\u0131n\u0131n ve \u015farj pedlerinin birlikte g\u00fcvenli ve etkili bir \u015fekilde \u00e7al\u0131\u015fabilmesini sa\u011flar.<\/p>\n\n\n\n<h3 class=\"wp-block-heading\" >Dinamik Kablosuz \u015earj Ufukta G\u00f6r\u00fcn\u00fcyor<\/h3>\n\n\n\n<h4 class=\"wp-block-heading\" >Ara\u00e7 Kullan\u0131rken \u015earj Etme Kavram\u0131<\/h4>\n\n\n\n<p>Dinamik kablosuz \u015farj, bu konsepti bir ad\u0131m \u00f6teye ta\u015f\u0131yor. Bir elektrikli arac\u0131n \u00f6zel olarak donat\u0131lm\u0131\u015f yollarda ilerlerken bataryas\u0131n\u0131 \u015farj etmesini sa\u011flar. Bu yenilik, ara\u00e7 menziline ve yak\u0131t ikmaline yakla\u015f\u0131m\u0131m\u0131z\u0131 temelden de\u011fi\u015ftirebilir.<\/p>\n\n\n\n<h4 class=\"wp-block-heading\" >Yol \u0130\u00e7i End\u00fcktif Teknoloji<\/h4>\n\n\n\n<p>Bu sistem \u015farj bobinlerini do\u011frudan yol y\u00fczeyine yerle\u015ftirir. Bir ara\u00e7 bu elektrikli \u015feritlerde ilerlerken, al\u0131c\u0131 bobini s\u00fcrekli olarak g\u00fc\u00e7 al\u0131r. Bu sayede daha k\u00fc\u00e7\u00fck batarya paketleri ve ana g\u00fczergahlarda neredeyse s\u0131n\u0131rs\u0131z menzil elde edilebiliyor.<\/p>\n\n\n\n<h4 class=\"wp-block-heading\" >Menzil Kayg\u0131s\u0131na Nihai \u00c7\u00f6z\u00fcm<\/h4>\n\n\n\n<p>Hareket halindeyken \u015farj etmek menzil kayg\u0131s\u0131na nihai cevapt\u0131r. Uzun mesafeli seyahatlerde art\u0131k uzun s\u00fcreli duraklamalar gerekmeyecektir. S\u00fcr\u00fcc\u00fcler yolculuklar\u0131n\u0131 minimum kesinti ile tamamlayabilir ve bu da elektrikli ula\u015f\u0131m\u0131 geleneksel ara\u00e7lardan daha pratik hale getirir.<\/p>\n\n\n\n<h4 class=\"wp-block-heading\" >Mevcut Pilot Programlar ve Engeller<\/h4>\n\n\n\n<blockquote class=\"wp-block-quote is-layout-flow wp-block-quote-is-layout-flow\">\n<p><a href=\"https:\/\/dataintelo.com\/report\/dynamic-wireless-road-charging-market\" rel=\"nofollow noopener\" target=\"_blank\">Avrupa \u00f6nemli pilot programlarla \u00f6nc\u00fcl\u00fck ediyor<\/a>. Electreon gibi \u015firketler \u0130sve\u00e7, \u0130talya ve Almanya'da yenilik\u00e7i end\u00fcktif \u015farj \u00e7\u00f6z\u00fcmleri uygulamaktad\u0131r. Bu projeler genellikle toplu ta\u015f\u0131ma ve kentsel hareketlili\u011fe odaklan\u0131yor.<\/p>\n<\/blockquote>\n\n\n\n<p>Ancak, yayg\u0131n olarak benimsenmesinin \u00f6n\u00fcnde engeller bulunmaktad\u0131r. Ba\u015fl\u0131ca zorluklar aras\u0131nda \u015funlar yer almaktad\u0131r <a href=\"https:\/\/pmc.ncbi.nlm.nih.gov\/articles\/PMC12054594\/\" rel=\"nofollow noopener\" target=\"_blank\">y\u00fcksek ilk yat\u0131r\u0131m maliyeti<\/a> bobinlerin karayollar\u0131na g\u00f6m\u00fclmesi ve evrensel <a href=\"https:\/\/www.nature.com\/articles\/s41598-024-55863-3\" rel=\"nofollow noopener\" target=\"_blank\">ara\u00e7 \u00fcreti\u0307ci\u0307leri\u0307 arasinda \u015farj standartlari konusunda uzla\u015fma<\/a>.<\/p>\n\n\n\n<h3 class=\"wp-block-heading\" >Kablosuz Uygulamalar\u0131n Geni\u015fletilmesi<\/h3>\n\n\n\n<h4 class=\"wp-block-heading\" >Ticari Filolar i\u00e7in Otomatik \u015earj<\/h4>\n\n\n\n<p>Kablosuz ev \u015farj\u0131, ticari filolar i\u00e7in b\u00fcy\u00fck avantajlar sunmaktad\u0131r. Bu sa\u011flar <a href=\"https:\/\/evchargingsummit.com\/blog\/everything-you-need-to-know-about-wireless-ev-charging\/\" rel=\"nofollow noopener\" target=\"_blank\">ara\u00e7lar\u0131n bo\u015fta kald\u0131klar\u0131 s\u00fcre boyunca g\u00fc\u00e7 sa\u011flayabilecekleri tam otomatik \u015farj<\/a> insan m\u00fcdahalesi olmadan. Bu <a href=\"https:\/\/www.eleappower.com\/technology\/wireless-chargers\" rel=\"nofollow noopener\" target=\"_blank\">i\u015fletme verimlili\u011fini art\u0131r\u0131r<\/a>, <a href=\"https:\/\/electreon.com\/what-we-do\/fleet-operators\" rel=\"nofollow noopener\" target=\"_blank\">arac\u0131n \u00e7al\u0131\u015fma s\u00fcresini art\u0131r\u0131r ve toplam sahip olma maliyetini azaltabilir<\/a>. TPSON gibi geli\u015fmi\u015f \u00e7\u00f6z\u00fcm sa\u011flay\u0131c\u0131lar, bu otomatik gelece\u011fi desteklemek i\u00e7in gereken sistemleri geli\u015ftirmektedir.<\/p>\n\n\n\n<h4 class=\"wp-block-heading\" >Kamuya A\u00e7\u0131k Otoparklara Entegrasyon<\/h4>\n\n\n\n<p>Halka a\u00e7\u0131k otoparklar kablosuz \u015farj cihazlar\u0131 i\u00e7in ideal yerlerdir. \u015eehir garajlar\u0131 gibi y\u00fcksek cirolu alanlardaki park yerlerine pedler yerle\u015ftirmek, yo\u011fun \u015fehir merkezlerinde elektrikli ara\u00e7 kullan\u0131m\u0131n\u0131 te\u015fvik eder.<\/p>\n\n\n\n<h4 class=\"wp-block-heading\" >Perakende ve A\u011f\u0131rlamada Kullan\u0131m \u00d6rnekleri<\/h4>\n\n\n\n<p>Perakende ve konaklama mekanlar\u0131 kablosuz \u015farj\u0131 bir m\u00fc\u015fteri kolayl\u0131\u011f\u0131 olarak kullanabilir. <a href=\"https:\/\/www.linkedin.com\/pulse\/wireless-charging-technology-evs-real-world-5-uses-youll-za5hf\" rel=\"nofollow noopener\" target=\"_blank\">Al\u0131\u015fveri\u015f merkezleri, havaalanlar\u0131 ve e\u011flence mekanlar\u0131 bu \u015farj alanlar\u0131n\u0131 ke\u015ffediyor<\/a> elektrikli ara\u00e7 kullanan m\u00fc\u015fterileri \u00e7ekmek ve elde tutmak i\u00e7in birinci s\u0131n\u0131f, sorunsuz bir deneyim sunuyor.<\/p>\n\n\n\n<h2 class=\"wp-block-heading\" >Geni\u015fleyen Elektrikli Ara\u00e7 \u015earj A\u011f\u0131<\/h2>\n\n\n\n<figure class=\"wp-block-image aligncenter size-large\"><img decoding=\"async\" width=\"1200\" height=\"675\" src=\"https:\/\/tpsonpower.com\/wp-content\/uploads\/2025\/10\/e0e90e4b8ddc4a869c0748de01f8f37f.webp\" alt=\"Geni\u015fleyen Elektrikli Ara\u00e7 \u015earj A\u011f\u0131\" class=\"wp-image-2338\" title=\"\" srcset=\"https:\/\/tpsonpower.com\/wp-content\/uploads\/2025\/10\/e0e90e4b8ddc4a869c0748de01f8f37f.webp 1200w, https:\/\/tpsonpower.com\/wp-content\/uploads\/2025\/10\/e0e90e4b8ddc4a869c0748de01f8f37f-300x169.webp 300w, https:\/\/tpsonpower.com\/wp-content\/uploads\/2025\/10\/e0e90e4b8ddc4a869c0748de01f8f37f-1024x576.webp 1024w, https:\/\/tpsonpower.com\/wp-content\/uploads\/2025\/10\/e0e90e4b8ddc4a869c0748de01f8f37f-768x432.webp 768w\" sizes=\"(max-width: 1200px) 100vw, 1200px\" \/><figcaption><\/figcaption><\/figure>\n\n\n\n<p>Elektrikli mobilitenin b\u00fcy\u00fcmesi, sa\u011flam ve eri\u015filebilir bir \u015farj a\u011f\u0131na ba\u011fl\u0131d\u0131r. Sekt\u00f6r, kapsaml\u0131 bir \u015farj a\u011f\u0131 olu\u015fturmak i\u00e7in izole \u015farj noktalar\u0131n\u0131n \u00f6tesine ge\u00e7iyor. <a href=\"https:\/\/tpsonpower.com\/europes-fastest-growing-electric-car-charging-networks\/\">ev altyap\u0131s\u0131<\/a>. Bu geni\u015fleme, \u015farj istasyonlar\u0131n\u0131 g\u00fcnl\u00fck ya\u015fam\u0131n dokusuna sorunsuz bir \u015fekilde entegre ediyor.<\/p>\n\n\n\n<h3 class=\"wp-block-heading\" >Tek \u0130stasyonlardan Toplum Merkezlerine<\/h3>\n\n\n\n<h4 class=\"wp-block-heading\" >Modern Benzin \u0130stasyonu Analojisi<\/h4>\n\n\n\n<p>Yak\u0131t ikmali kavram\u0131 elektrik \u00e7a\u011f\u0131 i\u00e7in yeniden tasarlan\u0131yor. B\u00fcy\u00fck \u00f6l\u00e7ekli \u015farj merkezleri, benzin istasyonlar\u0131n\u0131n modern e\u015fde\u011feri olarak ortaya \u00e7\u0131k\u0131yor. Bu merkezlerde \u00e7ok say\u0131da araca ayn\u0131 anda hizmet veren ve bekleme s\u00fcrelerini en aza indiren birden fazla y\u00fcksek h\u0131zl\u0131 \u015farj cihaz\u0131 bulunuyor.<\/p>\n\n\n\n<h4 class=\"wp-block-heading\" >Daha \u0130yi Bir Kullan\u0131c\u0131 Deneyimi \u0130\u00e7in Tasarlama<\/h4>\n\n\n\n<p>Hub tasar\u0131mc\u0131lar\u0131 s\u00fcr\u00fcc\u00fc deneyimine \u00f6ncelik veriyor. G\u00fcvenli, iyi ayd\u0131nlat\u0131lm\u0131\u015f ve kullan\u0131c\u0131 dostu ortamlar yaratmaya odaklan\u0131l\u0131yor. TPSON gibi \u015firketler, g\u00fcvenilir ve verimli bir \u015farj a\u011f\u0131na katk\u0131da bulunan geli\u015fmi\u015f \u00e7\u00f6z\u00fcmler geli\u015ftiriyor.<\/p>\n\n\n\n<h4 class=\"wp-block-heading\" >Perakende ve Dinlence Olanaklar\u0131n\u0131n B\u00fct\u00fcnle\u015ftirilmesi<\/h4>\n\n\n\n<p>Modern \u015farj merkezleri bekleme s\u00fcrelerini verimli ve keyifli hale getirir. Daha uzun seanslar s\u0131ras\u0131nda s\u00fcr\u00fcc\u00fc memnuniyetini art\u0131rmak i\u00e7in bu tesisler genellikle bir dizi olanak i\u00e7erir.<\/p>\n\n\n\n<ul class=\"wp-block-list\">\n\n<li>\u0130\u015f veya e\u011flence i\u00e7in \u00fccretsiz Wi-Fi<\/li>\n<li>At\u0131\u015ft\u0131rmal\u0131klar ve i\u00e7ecekler i\u00e7in otomatlar<\/li>\n<li>Konforlu a\u00e7\u0131k ve kapal\u0131 oturma alanlar\u0131<\/li>\n\n<\/ul>\n\n\n\n<h4 class=\"wp-block-heading\" >Kentsel \u015earj Merkezlerinin Y\u00fckseli\u015fi<\/h4>\n\n\n\n<p>\u015eehir planlamac\u0131lar\u0131, \u015farj merkezlerini \u015fehir peyzaj\u0131na uyacak \u015fekilde stratejik olarak tasarl\u0131yor. Bu merkezler sadece ba\u011f\u0131ms\u0131z tesisler de\u011fil, daha geni\u015f bir s\u00fcrd\u00fcr\u00fclebilir hareketlilik ekosisteminin par\u00e7as\u0131d\u0131r. Planlamac\u0131lar <a href=\"https:\/\/cyberswitching.com\/electric-cars-and-urban-planning-for-sustainable-cities\/\" rel=\"nofollow noopener\" target=\"_blank\">\u015farj istasyonlar\u0131n\u0131 bisiklet payla\u015f\u0131m\u0131 ve toplu ta\u015f\u0131ma gibi di\u011fer ula\u015f\u0131m se\u00e7enekleriyle entegre etmek<\/a> ba\u011flant\u0131l\u0131 bir altyap\u0131 olu\u015fturmak i\u00e7in.<\/p>\n\n\n\n<h3 class=\"wp-block-heading\" >Yeni Lokasyonlara Geni\u015fleme<\/h3>\n\n\n\n<p>\u015earj a\u011f\u0131, insanlar\u0131n halihaz\u0131rda ziyaret etti\u011fi, \u00e7al\u0131\u015ft\u0131\u011f\u0131 ve ya\u015fad\u0131\u011f\u0131 yerlere do\u011fru geni\u015fliyor. Bu da elektrikli ara\u00e7 sahipli\u011fini her zamankinden daha kolay hale getiriyor.<\/p>\n\n\n\n<h4 class=\"wp-block-heading\" >S\u00fcpermarketlerde ve Al\u0131\u015fveri\u015f Merkezlerinde \u015earj Etme<\/h4>\n\n\n\n<p><a href=\"https:\/\/jointcharging.com\/companyshopping-center-with-ev-charger-station-for-customer\/\" rel=\"nofollow noopener\" target=\"_blank\">Perakendeciler m\u00fc\u015fterileri \u00e7ekmek ve elde tutmak i\u00e7in \u015farj istasyonlar\u0131 kuruyor<\/a>. Kan\u0131tlar g\u00f6steriyor ki <a href=\"https:\/\/www.virta.global\/guide-ev-charging-as-a-value-added-service\" rel=\"nofollow noopener\" target=\"_blank\">Elektrikli ara\u00e7 s\u00fcr\u00fcc\u00fclerinin 87%'si al\u0131\u015fveri\u015f yapacaklar\u0131 yeri se\u00e7erken \u015farj cihaz\u0131n\u0131n kullan\u0131labilirli\u011fini g\u00f6z \u00f6n\u00fcnde bulunduruyor. Elektrikli ara\u00e7 \u015farj\u0131 sunmak, m\u00fc\u015fterilerin bekleme s\u00fcresini ortalama 50 dakika art\u0131rabilir<\/a>, sat\u0131\u015flar\u0131 art\u0131rmak ve <a href=\"https:\/\/www.ampeco.com\/ev-charging-glossary\/retail-charging\/\" rel=\"nofollow noopener\" target=\"_blank\">marka i\u0307majinin geli\u0307\u015fti\u0307ri\u0307lmesi\u0307<\/a>.<\/p>\n\n\n\n<h4 class=\"wp-block-heading\" >\u0130\u015fyeri \u015earj \u00c7\u00f6z\u00fcmleri<\/h4>\n\n\n\n<p>\u0130\u015fyeri \u015farj\u0131, ev altyap\u0131s\u0131n\u0131n kritik bir bile\u015fenidir. \u00c7al\u0131\u015fanlara i\u015f g\u00fcn\u00fc boyunca \u015farj etmeleri i\u00e7in uygun bir yol sunar. Ayr\u0131ca kurumsal filolar\u0131n elektrikli ara\u00e7lara ge\u00e7i\u015fini de destekler. <a href=\"https:\/\/tpsonpower.com\/ev-car-chargers-connectors-types-compatibility-2025-guide\/\">elektrikli ara\u00e7lar<\/a>, B\u00f6ylece i\u015f operasyonlar\u0131 i\u00e7in her zaman haz\u0131r olmalar\u0131 sa\u011flan\u0131r.<\/p>\n\n\n\n<h4 class=\"wp-block-heading\" >\u00c7ok Aileli Konutlar ve Apartman \u015earj\u0131<\/h4>\n\n\n\n<p>Apartman komplekslerinde elektrikli ara\u00e7 \u015farj\u0131 sa\u011flamak, \u015fehirli s\u00fcr\u00fcc\u00fcler i\u00e7in \u00e7ok \u00f6nemlidir. M\u00fclk y\u00f6neticileri, sakinlerin ihtiya\u00e7lar\u0131n\u0131 kar\u015f\u0131lamak i\u00e7in \u00e7e\u015fitli \u00e7\u00f6z\u00fcmler uygulamaktad\u0131r. Bu farkl\u0131 t\u00fcrdeki \u015farj istasyonlar\u0131 herkes i\u00e7in eri\u015filebilirlik sa\u011fl\u0131yor.<\/p>\n\n\n\n<ul class=\"wp-block-list\">\n\n<li><strong>Atanm\u0131\u015f \u015earj:<\/strong> \u0130stasyonlar, tahsisli park yeri olan m\u00fclklerde belirli sakinlere ayr\u0131lm\u0131\u015ft\u0131r.<\/li>\n<li><strong>Topluluk \u015earj\u0131:<\/strong> Payla\u015f\u0131lan istasyonlar t\u00fcm sakinler i\u00e7in mevcuttur ve genellikle bir uygulama arac\u0131l\u0131\u011f\u0131yla y\u00f6netilir.<\/li>\n<li><strong>Ak\u0131ll\u0131 Prizler:<\/strong> Ak\u0131ll\u0131 faturaland\u0131rma ile y\u00fcksek g\u00fc\u00e7l\u00fc prizler kullanan ve kurulum maliyetlerini 70%'ye kadar azaltan uygun maliyetli bir se\u00e7enek.<\/li>\n\n<\/ul>\n\n\n\n<h4 class=\"wp-block-heading\" >Kald\u0131r\u0131m Kenar\u0131 ve Kamuya A\u00e7\u0131k Sokaklarda \u00dccretlendirme<\/h4>\n\n\n\n<p>\u015eehirler, b\u00fcy\u00fcyen \u015farj a\u011f\u0131n\u0131 desteklemek i\u00e7in kamusal alanlar\u0131 uyarl\u0131yor. Buna \u015funlar dahildir <a href=\"https:\/\/www.sciencedirect.com\/science\/article\/pii\/S0966692325002194\" rel=\"nofollow noopener\" target=\"_blank\">y\u00fcksek yo\u011funluklu yerle\u015fim b\u00f6lgelerinde kald\u0131r\u0131m kenar\u0131 \u015farj istasyonlar\u0131n\u0131n kurulmas\u0131 ve park d\u00fczenlemelerinin \u00f6zel elektrikli ara\u00e7 \u015farj b\u00f6lgeleri olu\u015fturacak \u015fekilde ayarlanmas\u0131<\/a>. Kal\u0131c\u0131 altyap\u0131n\u0131n zor oldu\u011fu alanlar i\u00e7in, <a href=\"https:\/\/www.zapme.biz\/integrating-zapme-into-urban-planning-for-smart-cities\" rel=\"nofollow noopener\" target=\"_blank\">mobil elektrikli ara\u00e7 \u015farj \u00fcniteleri halka a\u00e7\u0131k \u015farj i\u00e7in esnek bir \u00e7\u00f6z\u00fcm sunar<\/a>.<\/p>\n\n\n\n<h2 class=\"wp-block-heading\" >Birle\u015fik Elektrikli Ara\u00e7 Altyap\u0131s\u0131 Olu\u015fturma<\/h2>\n\n\n\n<p>Ger\u00e7ekten etkili bir <a href=\"https:\/\/tpsonpower.com\/ev-car-chargers-connectors-types-compatibility-2025-guide\/\">Elektrikli ara\u00e7 altyap\u0131s\u0131<\/a> \u00e7ok say\u0131da \u015farj istasyonundan daha fazlas\u0131n\u0131 gerektirir; uyumlu ve standartla\u015ft\u0131r\u0131lm\u0131\u015f bir sistem gerektirir. \u015earj altyap\u0131s\u0131ndaki temel e\u011filimler, sekt\u00f6r\u00fc evrensel uyumlulu\u011fa, a\u00e7\u0131k ileti\u015fime ve yenilenebilir enerjinin entegrasyonuna do\u011fru itiyor. Bu da herkes i\u00e7in g\u00fcvenilir ve kullan\u0131c\u0131 dostu bir \u015farj a\u011f\u0131 yarat\u0131yor.<\/p>\n\n\n\n<h3 class=\"wp-block-heading\" >Standardizasyon i\u00e7in Kritik Zorlama<\/h3>\n\n\n\n<p>Sorunsuz bir s\u00fcr\u00fcc\u00fc deneyimi i\u00e7in farkl\u0131 ara\u00e7lar\u0131n farkl\u0131 \u015farj istasyonlar\u0131n\u0131 kullanabilmesi gerekir. Standardizasyon, bu evrensel eri\u015fime ula\u015fman\u0131n anahtar\u0131d\u0131r.<\/p>\n\n\n\n<h4 class=\"wp-block-heading\" >Kuzey Amerika \u015earj Standard\u0131 (NACS)<\/h4>\n\n\n\n<p>Kuzey Amerika \u015earj Standard\u0131 (NACS) \u00f6nemli bir ivme kazanm\u0131\u015ft\u0131r. \u00c7ok say\u0131da b\u00fcy\u00fck otomotiv markas\u0131, birle\u015fik bir fi\u015fe do\u011fru b\u00fcy\u00fck bir de\u011fi\u015fimin sinyalini vererek bu standard\u0131 benimsemeyi taahh\u00fct etmi\u015ftir. Bu markalar aras\u0131nda \u015funlar yer almaktad\u0131r:<\/p>\n\n\n\n<ul class=\"wp-block-list\">\n\n<li>Ford, General Motors ve Rivian<\/li>\n<li>Volvo, Polestar ve Mercedes-Benz<\/li>\n<li>Nissan, Honda ve Jaguar Land Rover<\/li>\n<li>Hyundai, Kia ve BMW<\/li>\n<li>Toyota, Subaru ve Lucid<\/li>\n<li>Volkswagen, Audi, Porsche ve Mazda<\/li>\n\n<\/ul>\n\n\n\n<h4 class=\"wp-block-heading\" >Kombine \u015earj Sistemi (CCS)<\/h4>\n\n\n\n<p>Kombine \u015earj Sistemi (CCS), d\u00fcnya \u00e7ap\u0131nda bir\u00e7ok otomobil \u00fcreticisi taraf\u0131ndan kullan\u0131lan \u00f6nemli bir standart olmaya devam etmektedir. Hem NACS hem de CCS'nin bir arada bulunmas\u0131, elektrikli ara\u00e7 altyap\u0131s\u0131na y\u00f6nelik birle\u015fik bir yakla\u015f\u0131ma duyulan ihtiyac\u0131 vurgulamaktad\u0131r.<\/p>\n\n\n\n<h4 class=\"wp-block-heading\" >Evrensel Adapt\u00f6rlerin \u00d6nemi<\/h4>\n\n\n\n<p>Bu ge\u00e7i\u015f d\u00f6neminde, evrensel adapt\u00f6rler \u00e7ok \u00f6nemlidir. Bir k\u00f6pr\u00fc g\u00f6revi g\u00f6rerek, bir t\u00fcr ba\u011flant\u0131 noktas\u0131na sahip ara\u00e7lar\u0131n ba\u015fka bir ba\u011flant\u0131 noktas\u0131na sahip \u015farj istasyonlar\u0131na ba\u011flanmas\u0131na olanak tan\u0131rlar. Bu, s\u00fcr\u00fcc\u00fclerin ara\u00e7lar\u0131n\u0131n yerel fi\u015finden ba\u011f\u0131ms\u0131z olarak t\u00fcm \u015farj a\u011f\u0131na eri\u015febilmelerini sa\u011flar.<\/p>\n\n\n\n<h4 class=\"wp-block-heading\" >Tak ve \u015earj Teknolojisinin Rol\u00fc<\/h4>\n\n\n\n<p><a href=\"https:\/\/wepoweryourcar.com\/how-to-pay-for-electric-car-charging\" rel=\"nofollow noopener\" target=\"_blank\">Plug &amp; Charge olarak bilinen ISO 15118 standard\u0131, kullan\u0131c\u0131 deneyimini daha da basitle\u015ftiriyor. Bu teknoloji t\u00fcm kimlik do\u011frulama ve \u00f6deme s\u00fcrecini otomatikle\u015ftirir.<\/a><\/p>\n\n\n\n<blockquote class=\"wp-block-quote is-layout-flow wp-block-quote-is-layout-flow\">\n<p>Bir elektrikli ara\u00e7 sahibi, fatura bilgilerini araca yaln\u0131zca bir kez ba\u011flar. Daha sonra, s\u00fcr\u00fcc\u00fc sadece fi\u015fi takar ve <a href=\"https:\/\/chargelab.co\/blog\/what-is-plug-and-charge\" rel=\"nofollow noopener\" target=\"_blank\">Ara\u00e7 ve \u015farj cihaz\u0131 aras\u0131ndaki \u015fifreli el s\u0131k\u0131\u015fma, kimlik do\u011frulama ve faturaland\u0131rma i\u015flemlerini saniyeler i\u00e7inde g\u00fcvenli bir \u015fekilde ger\u00e7ekle\u015ftirir. Bu, uygulama veya \u00f6deme kart\u0131 ihtiyac\u0131n\u0131 ortadan kald\u0131r\u0131r<\/a>.<\/p>\n<\/blockquote>\n\n\n\n<h3 class=\"wp-block-heading\" >Ba\u011fl\u0131 Bir A\u011f i\u00e7in A\u00e7\u0131k Protokoller<\/h3>\n\n\n\n<p>Ba\u011fl\u0131 bir \u015farj a\u011f\u0131, farkl\u0131 sistemlerin ileti\u015fim kurmas\u0131na olanak tan\u0131yan a\u00e7\u0131k protokollere dayan\u0131r. Bu, pazar\u0131n par\u00e7alanmas\u0131n\u0131 \u00f6nler ve operat\u00f6rler i\u00e7in esneklik sa\u011flar.<\/p>\n\n\n\n<h4 class=\"wp-block-heading\" >A\u00e7\u0131k \u015earj Noktas\u0131 Protokol\u00fc (OCPP)<\/h4>\n\n\n\n<p><a href=\"https:\/\/monta.com\/en\/blog\/ocpp\/\" rel=\"nofollow noopener\" target=\"_blank\">A\u00e7\u0131k \u015earj Noktas\u0131 Protokol\u00fc (OCPP), \u015farj ekipmanlar\u0131 i\u00e7in evrensel bir dildir. Bir \u015farj istasyonu ile merkezi y\u00f6netim yaz\u0131l\u0131m\u0131 aras\u0131ndaki ileti\u015fimi standartla\u015ft\u0131r\u0131r. Bu, bir operat\u00f6r\u00fcn TPSON gibi teknolojik a\u00e7\u0131dan geli\u015fmi\u015f sa\u011flay\u0131c\u0131lar gibi \u00e7e\u015fitli \u00fcreticilerin donan\u0131mlar\u0131n\u0131 kullanabilece\u011fi ve hepsini tek, birle\u015fik bir sistem arac\u0131l\u0131\u011f\u0131yla y\u00f6netebilece\u011fi anlam\u0131na gelir.<\/a><\/p>\n\n\n\n<h4 class=\"wp-block-heading\" >Birlikte \u00c7al\u0131\u015fabilirli\u011fin Sa\u011flanmas\u0131<\/h4>\n\n\n\n<p><a href=\"https:\/\/www.ampeco.com\/ev-charging-glossary\/ocpp-open-charge-point-protocol\/\" rel=\"nofollow noopener\" target=\"_blank\">OCPP ger\u00e7ek bir birlikte \u00e7al\u0131\u015fabilirlik sa\u011flar. Bir operat\u00f6r\u00fcn tek bir \u015firketin donan\u0131m ve yaz\u0131l\u0131m\u0131na ba\u011fl\u0131 oldu\u011fu \u201csat\u0131c\u0131 kilitlenmesini\u201d \u00f6nler. Bu \u00f6zg\u00fcrl\u00fck daha rekabet\u00e7i ve yenilik\u00e7i bir pazar sa\u011flar.<\/a><\/p>\n\n\n\n<h4 class=\"wp-block-heading\" >\u015eebeke Operat\u00f6rleri ve S\u00fcr\u00fcc\u00fcler i\u00e7in Faydalar<\/h4>\n\n\n\n<p>A\u00e7\u0131k ve birlikte \u00e7al\u0131\u015fabilir bir \u015farj a\u011f\u0131 net avantajlar sunar.<\/p>\n\n\n\n<figure class=\"wp-block-table\">\n<table class=\"has-fixed-layout\">\n\n<thead>\n<tr><th>S\u00fcr\u00fcc\u00fcler i\u00e7in<\/th><th>Operat\u00f6rler i\u00e7in<\/th><\/tr>\n<\/thead>\n<tbody>\n<tr><td>\u015earj istasyonlar\u0131na daha geni\u015f eri\u015fim<\/td><td>Di\u011fer a\u011flardan s\u00fcr\u00fcc\u00fcleri \u00e7eker<\/td><\/tr>\n<tr><td>Birden fazla \u00fcyeli\u011fe gerek yok<\/td><td>Artan istasyon kullan\u0131m\u0131<\/td><\/tr>\n<tr><td>Sorunsuz a\u011flar aras\u0131 dola\u015f\u0131m<\/td><td><a href=\"https:\/\/driivz.com\/blog\/seamless-ev-charging-with-ocpi\/\" rel=\"nofollow noopener\" target=\"_blank\">Daha fazla i\u015f modeli esnekli\u011fi<\/a><\/td><\/tr>\n<\/tbody>\n\n<\/table>\n<\/figure>\n\n\n\n<h3 class=\"wp-block-heading\" >Yenilenebilir Enerji Kaynaklar\u0131 ile Entegrasyon<\/h3>\n\n\n\n<p>S\u00fcrd\u00fcr\u00fclebilir bir elektrikli ara\u00e7 altyap\u0131s\u0131 olu\u015fturman\u0131n son ad\u0131m\u0131 yenilenebilir enerjinin entegrasyonudur. Bu yakla\u015f\u0131m ger\u00e7ek anlamda s\u0131f\u0131r emisyonlu bir ula\u015f\u0131m d\u00f6ng\u00fcs\u00fc yarat\u0131r.<\/p>\n\n\n\n<h4 class=\"wp-block-heading\" >\u015earj Merkezlerinde Solar Kanopiler<\/h4>\n\n\n\n<p>\u015earj merkezlerinde giderek daha b\u00fcy\u00fck g\u00fcne\u015f tenteleri kullan\u0131l\u0131yor. <a href=\"https:\/\/www.powerflex.com\/blog\/why-its-smart-to-combine-solar-parking-canopies-with-ev-charging-stations\" rel=\"nofollow noopener\" target=\"_blank\">Cubic Corporation'\u0131n genel merkezindeki gibi projeler, yerinde temiz elektrik \u00fcretmek i\u00e7in g\u00fcne\u015f enerjisi dizileri kullan\u0131yor, a\u015fa\u011f\u0131daki elektrikli ara\u00e7 \u015farj cihazlar\u0131na do\u011frudan g\u00fc\u00e7 sa\u011fl\u0131yor ve \u015febekeye olan ba\u011f\u0131ml\u0131l\u0131\u011f\u0131 azalt\u0131yor.<\/a><\/p>\n\n\n\n<h4 class=\"wp-block-heading\" >Yerinde Ak\u00fc Depolama Sistemleri<\/h4>\n\n\n\n<p>Yerinde batarya depolama sistemleri yenilenebilir enerji kaynaklar\u0131yla birlikte \u00e7al\u0131\u015f\u0131r. Bu sistemler g\u00fcn boyunca \u00fcretilen fazla g\u00fcne\u015f enerjisini depolar. Daha sonra yo\u011fun \u015farj zamanlar\u0131nda serbest b\u0131rak\u0131rlar, <a href=\"https:\/\/www.power-sonic.com\/the-benefits-of-battery-energy-storage-for-ev-charging\/\" rel=\"nofollow noopener\" target=\"_blank\">elektrik \u015febekesine olan talebi azaltabilen ve \u201cpik t\u0131ra\u015flama\u201d olarak bilinen bir s\u00fcre\u00e7<\/a> 70%'ye kadar.<\/p>\n\n\n\n<h4 class=\"wp-block-heading\" >Ger\u00e7ek Bir S\u0131f\u0131r Emisyon D\u00f6ng\u00fcs\u00fc Olu\u015fturmak<\/h4>\n\n\n\n<p>Bir elektrikli ara\u00e7 sahadaki g\u00fcne\u015f panellerinden elde edilen g\u00fc\u00e7le \u015farj edildi\u011finde, enerji \u00fcretiminden arac\u0131n hareketine kadar t\u00fcm d\u00f6ng\u00fc emisyonsuz hale gelir. B\u00f6ylece s\u00fcrd\u00fcr\u00fclebilir ula\u015f\u0131m d\u00f6ng\u00fcs\u00fc tamamlanm\u0131\u015f olur.<\/p>\n\n\n\n<h4 class=\"wp-block-heading\" >Geleneksel G\u00fc\u00e7 \u015eebekeleri \u00dczerindeki Gerilimin Azalt\u0131lmas\u0131<\/h4>\n\n\n\n<p>G\u00fcne\u015f enerjisi \u00fcretimi ve batarya depolaman\u0131n bu kombinasyonu kendi kendine yeten bir altyap\u0131 olu\u015fturur. Geleneksel elektrik \u015febekeleri \u00fczerindeki y\u00fck\u00fc \u00f6nemli \u00f6l\u00e7\u00fcde azaltarak elektrikli ara\u00e7 \u015farj\u0131n\u0131n yayg\u0131nla\u015fmas\u0131n\u0131 daha s\u00fcrd\u00fcr\u00fclebilir ve esnek hale getirir.<\/p>\n\n\n\n<hr class=\"wp-block-separator\" \/>\n\n\n\n<p>Daha h\u0131zl\u0131, daha ak\u0131ll\u0131 ve kablosuz \u015farj teknolojisinin birle\u015fimi, elektrikli mobilite i\u00e7in kusursuz bir ekosistem yarat\u0131yor. Bu yenilikler, enerji y\u00f6netimi yakla\u015f\u0131m\u0131m\u0131z\u0131 temelden yeniden \u015fekillendiriyor ve <a href=\"https:\/\/tpsonpower.com\/commercial-electric-vehicle-charger-installation-business\/\">elektrikli ara\u00e7 \u015farj\u0131<\/a>. Elektrikli ara\u00e7 \u015farj\u0131n\u0131n bu yeni d\u00f6nemi, \u015farj verimlili\u011fini art\u0131r\u0131yor ve elektrik deneyimini daha cazip hale getiriyor. Elektrikli ara\u00e7 \u015farj\u0131n\u0131n evrimi, s\u00fcrd\u00fcr\u00fclebilir mobiliteye do\u011fru k\u00fcresel ge\u00e7i\u015fi h\u0131zland\u0131ran kilit kataliz\u00f6rd\u00fcr. TPSON gibi teknolojik a\u00e7\u0131dan geli\u015fmi\u015f sa\u011flay\u0131c\u0131lar, bu ge\u00e7i\u015fe g\u00fc\u00e7 veren elektrikli ara\u00e7 \u015farj \u00e7\u00f6z\u00fcmlerini geli\u015ftirerek elektrikli ara\u00e7lar\u0131 herkes i\u00e7in pratik bir se\u00e7enek haline getirmekte ve elektrikli mobiliteyi ilerletmektedir.<\/p>\n\n\n\n<h2 class=\"wp-block-heading\" >SSS<\/h2>\n\n\n\n<h3 class=\"wp-block-heading\" >Seviye 2 ve DC h\u0131zl\u0131 \u015farj aras\u0131ndaki temel fark nedir?<\/h3>\n\n\n\n<p><a href=\"https:\/\/tpsonpower.com\/level-2-charger-benefits-2025-faster-convenience-savings\/\">Seviye 2 \u015farj<\/a> evler ve i\u015fyerleri i\u00e7in yayg\u0131nd\u0131r ve birka\u00e7 saat i\u00e7inde orta d\u00fczeyde menzil ekler. DC h\u0131zl\u0131 \u015farj, halka a\u00e7\u0131k istasyonlarda y\u00fcksek g\u00fc\u00e7l\u00fc \u015farj sa\u011flar. Bir bataryay\u0131 30 dakikadan k\u0131sa s\u00fcrede 80%'ye kadar doldurarak uzun mesafeli seyahatleri pratik hale getirebilir.<\/p>\n\n\n\n<h3 class=\"wp-block-heading\" >Ak\u0131ll\u0131 \u015farj elektrikli ara\u00e7 sahiplerine nas\u0131l yard\u0131mc\u0131 olur?<\/h3>\n\n\n\n<p>Ak\u0131ll\u0131 \u015farj, \u015farj i\u015flemini optimize eder. S\u00fcr\u00fcc\u00fclerin elektri\u011fin daha ucuz oldu\u011fu yo\u011fun olmayan saatlerde seanslar\u0131 planlamas\u0131na olanak tan\u0131r. Bu teknoloji ayn\u0131 zamanda \u015febeke talebini dengelemeye yard\u0131mc\u0131 olarak herkes i\u00e7in istikrarl\u0131 bir g\u00fc\u00e7 kayna\u011f\u0131 sa\u011flar. TPSON gibi teknolojik a\u00e7\u0131dan geli\u015fmi\u015f sa\u011flay\u0131c\u0131lar bu ak\u0131ll\u0131 \u015farj \u00e7\u00f6z\u00fcmlerini geli\u015ftirmektedir.<\/p>\n\n\n\n<h3 class=\"wp-block-heading\" >Kablosuz elektrikli ara\u00e7 \u015farj\u0131 art\u0131k mevcut mu?<\/h3>\n\n\n\n<p>Evet, sabit kablosuz \u015farj, konut ve ticari kullan\u0131m i\u00e7in mevcuttur. S\u00fcr\u00fcc\u00fcler otomatik g\u00fc\u00e7 aktar\u0131m\u0131 i\u00e7in bir \u015farj pedi \u00fczerine park ederler. Ara\u00e7lara s\u00fcr\u00fc\u015f s\u0131ras\u0131nda g\u00fc\u00e7 sa\u011flayan dinamik kablosuz \u015farj \u015fu anda pilot a\u015famas\u0131ndad\u0131r ve hen\u00fcz yayg\u0131n olarak kullan\u0131lmamaktad\u0131r.<\/p>\n\n\n\n<h3 class=\"wp-block-heading\" >Ara\u00e7tan \u015eebekeye (V2G) teknolojisi nedir?<\/h3>\n\n\n\n<blockquote class=\"wp-block-quote is-layout-flow wp-block-quote-is-layout-flow\">\n<p><a href=\"https:\/\/tpsonpower.com\/bidirectional-ev-charger-basics-every-family-should-know\/\">Ara\u00e7tan \u015eebekeye (V2G) teknolojisi<\/a> iki y\u00f6nl\u00fc bir enerji ak\u0131\u015f\u0131 sa\u011flar. Bir elektrikli ara\u00e7 sadece \u015febekeden g\u00fc\u00e7 \u00e7ekmekle kalmaz, ayn\u0131 zamanda \u015febekeye depolanm\u0131\u015f enerji de sa\u011flayabilir. Bu \u00f6zellik, talebin en yo\u011fun oldu\u011fu d\u00f6nemlerde elektrik \u015febekesinin dengelenmesine yard\u0131mc\u0131 olur.<\/p>\n<\/blockquote>\n\n\n\n<h3 class=\"wp-block-heading\" >\u015earj standardizasyonu neden bu kadar \u00f6nemli?<\/h3>\n\n\n\n<p>Standardizasyon, farkl\u0131 ara\u00e7lar ve \u015farj istasyonlar\u0131 aras\u0131nda birlikte \u00e7al\u0131\u015fabilirli\u011fi sa\u011flar. Birden fazla adapt\u00f6re veya \u00fcyeli\u011fe ihtiya\u00e7 duymadan herhangi bir halka a\u00e7\u0131k \u015farj cihaz\u0131n\u0131 kullanabilen s\u00fcr\u00fcc\u00fcler i\u00e7in sorunsuz bir deneyim yarat\u0131r. Bu, birle\u015fik ve eri\u015filebilir bir \u015farj a\u011f\u0131 olu\u015fturmak i\u00e7in \u00e7ok \u00f6nemlidir.<\/p>\n\n\n\n<h3 class=\"wp-block-heading\" >Megawatt \u015earj Sistemi (MCS) nedir?<\/h3>\n\n\n\n<p>Megawatt \u015earj Sistemi (MCS), yar\u0131 kamyonlar ve otob\u00fcsler gibi a\u011f\u0131r hizmet tipi elektrikli ara\u00e7lar i\u00e7in tasarlanm\u0131\u015f yeni bir y\u00fcksek g\u00fc\u00e7l\u00fc \u015farj standard\u0131d\u0131r. Birden fazla megawatt g\u00fc\u00e7 sa\u011flayarak bu b\u00fcy\u00fck ara\u00e7lar\u0131n zorunlu s\u00fcr\u00fcc\u00fc molalar\u0131 s\u0131ras\u0131nda h\u0131zla \u015farj olmas\u0131n\u0131 sa\u011flar.<\/p>","protected":false},"excerpt":{"rendered":"<p>20 dakikal\u0131k \u015farjlar i\u00e7in 350kW+ h\u0131zlar, ak\u0131ll\u0131 V2G \u015febeke deste\u011fi ve en \u00fcst d\u00fczeyde rahatl\u0131k i\u00e7in kablosuz \u015farj ile elektrikli ara\u00e7 altyap\u0131s\u0131n\u0131n gelece\u011fi burada.<\/p>","protected":false},"author":5,"featured_media":2336,"comment_status":"","ping_status":"","sticky":false,"template":"","format":"standard","meta":{"footnotes":""},"categories":[1],"tags":[],"class_list":["post-2339","post","type-post","status-publish","format-standard","has-post-thumbnail","hentry","category-uncategorized"],"_links":{"self":[{"href":"https:\/\/tpsonpower.com\/tr\/wp-json\/wp\/v2\/posts\/2339","targetHints":{"allow":["GET"]}}],"collection":[{"href":"https:\/\/tpsonpower.com\/tr\/wp-json\/wp\/v2\/posts"}],"about":[{"href":"https:\/\/tpsonpower.com\/tr\/wp-json\/wp\/v2\/types\/post"}],"author":[{"embeddable":true,"href":"https:\/\/tpsonpower.com\/tr\/wp-json\/wp\/v2\/users\/5"}],"replies":[{"embeddable":true,"href":"https:\/\/tpsonpower.com\/tr\/wp-json\/wp\/v2\/comments?post=2339"}],"version-history":[{"count":0,"href":"https:\/\/tpsonpower.com\/tr\/wp-json\/wp\/v2\/posts\/2339\/revisions"}],"wp:featuredmedia":[{"embeddable":true,"href":"https:\/\/tpsonpower.com\/tr\/wp-json\/wp\/v2\/media\/2336"}],"wp:attachment":[{"href":"https:\/\/tpsonpower.com\/tr\/wp-json\/wp\/v2\/media?parent=2339"}],"wp:term":[{"taxonomy":"category","embeddable":true,"href":"https:\/\/tpsonpower.com\/tr\/wp-json\/wp\/v2\/categories?post=2339"},{"taxonomy":"post_tag","embeddable":true,"href":"https:\/\/tpsonpower.com\/tr\/wp-json\/wp\/v2\/tags?post=2339"}],"curies":[{"name":"wp","href":"https:\/\/api.w.org\/{rel}","templated":true}]}}